{"id":497,"date":"2019-04-01T21:31:19","date_gmt":"2019-04-01T19:31:19","guid":{"rendered":"http:\/\/www.echiquierdugatinais.fr\/?p=497"},"modified":"2021-12-05T11:53:10","modified_gmt":"2021-12-05T10:53:10","slug":"lechiquier-du-gatinais-accede-a-la-nationale-2-31-03-2019","status":"publish","type":"post","link":"https:\/\/www.echiquierdugatinais.fr\/?p=497","title":{"rendered":"L&rsquo;\u00e9chiquier du Gatinais acc\u00e8de \u00e0 la Nationale 2 !!! &#8211; 31\/03\/2019"},"content":{"rendered":"\n<figure id=\"attachment_504\" aria-describedby=\"caption-attachment-504\" style=\"width: 660px\" class=\"wp-caption alignnone\"><img loading=\"lazy\" decoding=\"async\" class=\"wp-image-504 size-large\" src=\"http:\/\/www.echiquierdugatinais.fr\/wp-content\/uploads\/2019\/04\/Equipe1_2018-19-1-1024x768.jpg\" alt=\"\" width=\"660\" height=\"495\" srcset=\"https:\/\/www.echiquierdugatinais.fr\/wp-content\/uploads\/2019\/04\/Equipe1_2018-19-1-1024x768.jpg 1024w, https:\/\/www.echiquierdugatinais.fr\/wp-content\/uploads\/2019\/04\/Equipe1_2018-19-1-300x225.jpg 300w, https:\/\/www.echiquierdugatinais.fr\/wp-content\/uploads\/2019\/04\/Equipe1_2018-19-1-768x576.jpg 768w\" sizes=\"auto, (max-width: 660px) 100vw, 660px\" \/><figcaption id=\"caption-attachment-504\" class=\"wp-caption-text\">De gauche \u00e0 droite : Nathan Eveno, Vincent Normand, William Rubino, Olivier Dufour, Jean-Christophe Perrin, Th\u00e9o Goix, Fabrice Richard, Denis Dupeux<\/figcaption><\/figure>\n<p style=\"text-align: justify;\" data-tadv-p=\"keep\">Le 30 et 31 mars avaient lieu les derniers matchs de championnat. La plupart des \u00e9quipes de l\u2019Echiquier du G\u00e2tinais jouaient sans pression, gr\u00e2ce \u00e0 un maintien d\u00e9j\u00e0 assur\u00e9 ou, mieux encore, une mont\u00e9e dans la poche (\u00e9quipe 3, championne de R\u00e9gionale I).<\/p>\n<p style=\"text-align: justify;\" data-tadv-p=\"keep\">Tous les regards \u00e9taient donc tourn\u00e9s vers l\u2019\u00e9quipe fanion . Au coude \u00e0 coude avec Fontainebleau et Arpajon \u2013 les trois \u00e9quipes totalisant le m\u00eame nombre de points (18) \u2013 elle devait aussi se m\u00e9fier de l\u2019US Orl\u00e9ans, en embuscade \u00e0 1 point.<\/p>\n<p style=\"text-align: justify;\" data-tadv-p=\"keep\">Le match du samedi contre Fontainebleau a \u00e9t\u00e9 riche en \u00e9motions:<\/p>\n<p style=\"text-align: justify;\" data-tadv-p=\"keep\">Apr\u00e8s presque 3 heures de jeu, le premier point est apport\u00e9 par Fabrice Richard, qui renverse une situation un peu compromise. Peu apr\u00e8s les Bellifontains \u00e9galisent, Vincent Normand gaffant dans une partie qu\u2019il avait largement domin\u00e9e. Le stress \u00e9tait \u00e0 son comble ! William Rubino faisait alors parler tout son talent en ponctuant sa partie, digne d\u2019un Ma\u00eetre International, d\u2019une superbe combinaison finale. Nathan Eveno, l\u2019un de nos meilleurs jeunes signait une d\u00e9monstration technique pour apporter le 3\u00e8me point. C\u2019est alors que Denis Dupeux perdait au temps, mais sa position \u00e9tait d\u00e9j\u00e0 bien difficile. Le score \u00e9tait donc de 3 \u00e0 2 et Il fallait qu\u2019Olivier Dufour tienne bon et arrache la nulle au meilleur joueur de Fontainebleau. Apr\u00e8s 5 heures de jeu c\u2019\u00e9tait chose faite !<\/p>\n<p style=\"text-align: justify;\" data-tadv-p=\"keep\">La Nationale II \u00e9tait tout proche, mais il fallait vaincre Ch\u00e9cy le dimanche. Condamn\u00e9 \u00e0 la descente cet ancien club phare de la r\u00e9gion envoyait \u00e0 Amilly une petite \u00e9quipe et sans le moindre suspens, les locaux s\u2019imposaient 5 \u00e0 0.<\/p>\n<p style=\"text-align: justify;\" data-tadv-p=\"keep\">C\u2019est la premi\u00e8re fois qu\u2019un club d\u2019\u00e9checs de l\u2019Agglom\u00e9ration se hisse \u00e0 ce niveau de comp\u00e9tition. Encore une confirmation des progr\u00e8s constants de l\u2019Echiquier du G\u00e2tinais.<\/p>\n<p style=\"text-align: justify;\" data-tadv-p=\"keep\">Un joueur des \u00e9quipes r\u00e9serves m\u00e9rite une mention sp\u00e9ciale : Ruben Coles. Ce dernier faisait ses grands d\u00e9buts en Nationale IV\u2026 \u00e0 6 ans ! Et il en a profit\u00e9 pour battre un nouveau record de pr\u00e9cocit\u00e9 en s\u2019imposant contre un adulte tr\u00e8s exp\u00e9riment\u00e9. 1776 Elo, les connaisseurs appr\u00e9cieront. C\u2019est un peu comme si un enfant de 6 ans battait une ceinture bleue au judo ou un 15\/1 au tennis\u2026 Tout va bien \u00e0 l\u2019Echiquier du G\u00e2tinais !<\/p>\n<figure id=\"attachment_520\" aria-describedby=\"caption-attachment-520\" style=\"width: 463px\" class=\"wp-caption alignnone\"><img loading=\"lazy\" decoding=\"async\" class=\"wp-image-520 size-full\" src=\"http:\/\/www.echiquierdugatinais.fr\/wp-content\/uploads\/2019\/04\/tableau-N3-2019.jpg\" alt=\"\" width=\"463\" height=\"218\" srcset=\"https:\/\/www.echiquierdugatinais.fr\/wp-content\/uploads\/2019\/04\/tableau-N3-2019.jpg 463w, https:\/\/www.echiquierdugatinais.fr\/wp-content\/uploads\/2019\/04\/tableau-N3-2019-300x141.jpg 300w\" sizes=\"auto, (max-width: 463px) 100vw, 463px\" \/><figcaption id=\"caption-attachment-520\" class=\"wp-caption-text\">Classement final<br \/>Nationale 3 &#8211; groupe 8 &#8211; 2018-19<\/figcaption><\/figure>\n<figure id=\"attachment_523\" aria-describedby=\"caption-attachment-523\" style=\"width: 463px\" class=\"wp-caption alignnone\"><img loading=\"lazy\" decoding=\"async\" class=\"wp-image-523 size-full\" src=\"http:\/\/www.echiquierdugatinais.fr\/wp-content\/uploads\/2019\/04\/N4-2019.jpg\" alt=\"\" width=\"463\" height=\"180\" srcset=\"https:\/\/www.echiquierdugatinais.fr\/wp-content\/uploads\/2019\/04\/N4-2019.jpg 463w, https:\/\/www.echiquierdugatinais.fr\/wp-content\/uploads\/2019\/04\/N4-2019-300x117.jpg 300w\" sizes=\"auto, (max-width: 463px) 100vw, 463px\" \/><figcaption id=\"caption-attachment-523\" class=\"wp-caption-text\">Classement Final<br \/>Equipe 2 &#8211; Nationale IV &#8211; groupe 2<\/figcaption><\/figure>\n<figure id=\"attachment_524\" aria-describedby=\"caption-attachment-524\" style=\"width: 464px\" class=\"wp-caption alignnone\"><img loading=\"lazy\" decoding=\"async\" class=\"wp-image-524 size-full\" src=\"http:\/\/www.echiquierdugatinais.fr\/wp-content\/uploads\/2019\/04\/R1-2019.jpg\" alt=\"\" width=\"464\" height=\"162\" srcset=\"https:\/\/www.echiquierdugatinais.fr\/wp-content\/uploads\/2019\/04\/R1-2019.jpg 464w, https:\/\/www.echiquierdugatinais.fr\/wp-content\/uploads\/2019\/04\/R1-2019-300x105.jpg 300w\" sizes=\"auto, (max-width: 464px) 100vw, 464px\" \/><figcaption id=\"caption-attachment-524\" class=\"wp-caption-text\">Classement final &#8211; Equipe 3 &#8211; R\u00e9gionale 1 &#8211; groupe B<\/figcaption><\/figure>\n<p>\u00a0<\/p>\n","protected":false},"excerpt":{"rendered":"<p>Le 30 et 31 mars avaient lieu les derniers matchs de championnat. La plupart des \u00e9quipes de l\u2019Echiquier du G\u00e2tinais jouaient sans pression, gr\u00e2ce \u00e0 un maintien d\u00e9j\u00e0 assur\u00e9 ou, mieux encore, une mont\u00e9e dans la poche (\u00e9quipe 3, championne de R\u00e9gionale I). Tous les regards \u00e9taient donc tourn\u00e9s vers l\u2019\u00e9quipe fanion . Au coude &hellip; <a href=\"https:\/\/www.echiquierdugatinais.fr\/?p=497\" class=\"more-link\">Continuer la lecture de <span class=\"screen-reader-text\">L&rsquo;\u00e9chiquier du Gatinais acc\u00e8de \u00e0 la Nationale 2 !!! &#8211; 31\/03\/2019<\/span><\/a><\/p>\n","protected":false},"author":4,"featured_media":0,"comment_status":"closed","ping_status":"closed","sticky":false,"template":"","format":"standard","meta":{"_uag_custom_page_level_css":"","advgb_blocks_editor_width":"","advgb_blocks_columns_visual_guide":"","footnotes":""},"categories":[7,11,10],"tags":[],"class_list":["post-497","post","type-post","status-publish","format-standard","hentry","category-actualites","category-interclubs","category-resultats"],"featured_image_urls":{"full":"","thumbnail":"","medium":"","medium_large":"","large":"","1536x1536":"","2048x2048":"","post-thumbnail":""},"post_excerpt_stackable":"<p>De gauche \u00e0 droite : Nathan Eveno, Vincent Normand, William Rubino, Olivier Dufour, Jean-Christophe Perrin, Th\u00e9o Goix, Fabrice Richard, Denis Dupeux Le 30 et 31 mars avaient lieu les derniers matchs de championnat. La plupart des \u00e9quipes de l\u2019Echiquier du G\u00e2tinais jouaient sans pression, gr\u00e2ce \u00e0 un maintien d\u00e9j\u00e0 assur\u00e9 ou, mieux encore, une mont\u00e9e dans la poche (\u00e9quipe 3, championne de R\u00e9gionale I). Tous les regards \u00e9taient donc tourn\u00e9s vers l\u2019\u00e9quipe fanion . Au coude \u00e0 coude avec Fontainebleau et Arpajon \u2013 les trois \u00e9quipes totalisant le m\u00eame nombre de points (18) \u2013 elle devait aussi se m\u00e9fier de\u2026<\/p>\n","category_list":"<a href=\"https:\/\/www.echiquierdugatinais.fr\/?cat=7\" rel=\"category\">Actualit\u00e9s<\/a>, <a href=\"https:\/\/www.echiquierdugatinais.fr\/?cat=11\" rel=\"category\">Interclubs<\/a>, <a href=\"https:\/\/www.echiquierdugatinais.fr\/?cat=10\" rel=\"category\">R\u00e9sultats<\/a>","author_info":{"name":"Olivier DUFOUR","url":"https:\/\/www.echiquierdugatinais.fr\/?author=4"},"comments_num":"0 commentaire","featured_image_urls_v2":{"full":"","thumbnail":"","medium":"","medium_large":"","large":"","1536x1536":"","2048x2048":"","post-thumbnail":""},"post_excerpt_stackable_v2":"<p>De gauche \u00e0 droite : Nathan Eveno, Vincent Normand, William Rubino, Olivier Dufour, Jean-Christophe Perrin, Th\u00e9o Goix, Fabrice Richard, Denis Dupeux Le 30 et 31 mars avaient lieu les derniers matchs de championnat. La plupart des \u00e9quipes de l\u2019Echiquier du G\u00e2tinais jouaient sans pression, gr\u00e2ce \u00e0 un maintien d\u00e9j\u00e0 assur\u00e9 ou, mieux encore, une mont\u00e9e dans la poche (\u00e9quipe 3, championne de R\u00e9gionale I). Tous les regards \u00e9taient donc tourn\u00e9s vers l\u2019\u00e9quipe fanion . Au coude \u00e0 coude avec Fontainebleau et Arpajon \u2013 les trois \u00e9quipes totalisant le m\u00eame nombre de points (18) \u2013 elle devait aussi se m\u00e9fier de\u2026<\/p>\n","category_list_v2":"<a href=\"https:\/\/www.echiquierdugatinais.fr\/?cat=7\" rel=\"category\">Actualit\u00e9s<\/a>, <a href=\"https:\/\/www.echiquierdugatinais.fr\/?cat=11\" rel=\"category\">Interclubs<\/a>, <a href=\"https:\/\/www.echiquierdugatinais.fr\/?cat=10\" rel=\"category\">R\u00e9sultats<\/a>","author_info_v2":{"name":"Olivier DUFOUR","url":"https:\/\/www.echiquierdugatinais.fr\/?author=4"},"comments_num_v2":"0 commentaire","author_meta":{"display_name":"Olivier DUFOUR","author_link":"https:\/\/www.echiquierdugatinais.fr\/?author=4"},"featured_img":null,"uagb_featured_image_src":{"full":false,"thumbnail":false,"medium":false,"medium_large":false,"large":false,"1536x1536":false,"2048x2048":false,"post-thumbnail":false},"uagb_author_info":{"display_name":"Olivier DUFOUR","author_link":"https:\/\/www.echiquierdugatinais.fr\/?author=4"},"uagb_comment_info":0,"uagb_excerpt":"Le 30 et 31 mars avaient lieu les derniers matchs de championnat. La plupart des \u00e9quipes de l\u2019Echiquier du G\u00e2tinais jouaient sans pression, gr\u00e2ce \u00e0 un maintien d\u00e9j\u00e0 assur\u00e9 ou, mieux encore, une mont\u00e9e dans la poche (\u00e9quipe 3, championne de R\u00e9gionale I). Tous les regards \u00e9taient donc tourn\u00e9s vers l\u2019\u00e9quipe fanion . Au coude\u2026","coauthors":[],"tax_additional":{"categories":{"linked":["<a href=\"https:\/\/www.echiquierdugatinais.fr\/?cat=7\" class=\"advgb-post-tax-term\">Actualit\u00e9s<\/a>","<a href=\"https:\/\/www.echiquierdugatinais.fr\/?cat=11\" class=\"advgb-post-tax-term\">Interclubs<\/a>","<a href=\"https:\/\/www.echiquierdugatinais.fr\/?cat=10\" class=\"advgb-post-tax-term\">R\u00e9sultats<\/a>"],"unlinked":["<span class=\"advgb-post-tax-term\">Actualit\u00e9s<\/span>","<span class=\"advgb-post-tax-term\">Interclubs<\/span>","<span class=\"advgb-post-tax-term\">R\u00e9sultats<\/span>"]}},"comment_count":"0","relative_dates":{"created":"Publi\u00e9 7 ans il y a","modified":"Mis \u00e0 jour 4 ans il y a"},"absolute_dates":{"created":"Publi\u00e9 le 1 avril 2019","modified":"Mise \u00e0 jour le 5 d\u00e9cembre 2021"},"absolute_dates_time":{"created":"Publi\u00e9 le 1 avril 2019 21 h 31 min","modified":"Mise \u00e0 jour le 5 d\u00e9cembre 2021 11 h 53 min"},"featured_img_caption":"","series_order":"","_links":{"self":[{"href":"https:\/\/www.echiquierdugatinais.fr\/index.php?rest_route=\/wp\/v2\/posts\/497","targetHints":{"allow":["GET"]}}],"collection":[{"href":"https:\/\/www.echiquierdugatinais.fr\/index.php?rest_route=\/wp\/v2\/posts"}],"about":[{"href":"https:\/\/www.echiquierdugatinais.fr\/index.php?rest_route=\/wp\/v2\/types\/post"}],"author":[{"embeddable":true,"href":"https:\/\/www.echiquierdugatinais.fr\/index.php?rest_route=\/wp\/v2\/users\/4"}],"replies":[{"embeddable":true,"href":"https:\/\/www.echiquierdugatinais.fr\/index.php?rest_route=%2Fwp%2Fv2%2Fcomments&post=497"}],"version-history":[{"count":11,"href":"https:\/\/www.echiquierdugatinais.fr\/index.php?rest_route=\/wp\/v2\/posts\/497\/revisions"}],"predecessor-version":[{"id":564,"href":"https:\/\/www.echiquierdugatinais.fr\/index.php?rest_route=\/wp\/v2\/posts\/497\/revisions\/564"}],"wp:attachment":[{"href":"https:\/\/www.echiquierdugatinais.fr\/index.php?rest_route=%2Fwp%2Fv2%2Fmedia&parent=497"}],"wp:term":[{"taxonomy":"category","embeddable":true,"href":"https:\/\/www.echiquierdugatinais.fr\/index.php?rest_route=%2Fwp%2Fv2%2Fcategories&post=497"},{"taxonomy":"post_tag","embeddable":true,"href":"https:\/\/www.echiquierdugatinais.fr\/index.php?rest_route=%2Fwp%2Fv2%2Ftags&post=497"}],"curies":[{"name":"wp","href":"https:\/\/api.w.org\/{rel}","templated":true}]}}